{"id":1013,"date":"2025-07-22T12:50:38","date_gmt":"2025-07-22T10:50:38","guid":{"rendered":"https:\/\/inerpro.es\/blog\/plan-moves-iii-2025-in-catalonia\/"},"modified":"2025-07-22T12:50:38","modified_gmt":"2025-07-22T10:50:38","slug":"plan-moves-iii-2025-in-catalonia","status":"publish","type":"post","link":"https:\/\/inerpro.es\/en\/blog\/plan-moves-iii-2025-in-catalonia\/","title":{"rendered":"Plan MOVES III 2025 in Catalonia"},"content":{"rendered":"<p>The new **MOVES III 2025 programme** is now underway in Catalonia. Its aim is to boost sustainable mobility, supporting the transition to cleaner, more efficient transport. If you are thinking about switching to an electric vehicle or installing charging points, this is the perfect time. <em>According to Regulatory Basis TER\/2501\/2025, 2 July, CATALAN INSTITUTE OF ENERGY (ref. BDNS 843930)<\/em><\/p>\n<h3>Who can apply for the grants?<\/h3>\n<ul>\n<li>Individuals<\/li>\n<li>Companies<\/li>\n<li>Public administrations<\/li>\n<li>Homeowners\u2019 associations<\/li>\n<\/ul>\n<p><img loading=\"lazy\" decoding=\"async\" class=\"alignnone size-full wp-image-736\" src=\"https:\/\/inerpro.es\/wp-content\/uploads\/inerpro-post-plan-moves-iii-2025-catalunya-3.webp\" alt=\"\" width=\"300\" height=\"225\" \/><\/p>\n<h3>LINE 1: PURCHASE OF ELECTRIC OR HYDROGEN VEHICLES<\/h3>\n<p>Direct purchase, rental or leasing of new or demonstration vehicles (less than 12 months old) is subsidised. <strong>Main requirements:<\/strong><\/p>\n<ul>\n<li style=\"font-weight: 400;\" aria-level=\"1\"><span style=\"font-weight: 400;\">Maximum price (excl. VAT):<\/span>\n<ul>\n<li style=\"font-weight: 400;\" aria-level=\"2\"><span style=\"font-weight: 400;\">Cars and vans: \u20ac45,000<\/span><\/li>\n<li style=\"font-weight: 400;\" aria-level=\"2\"><span style=\"font-weight: 400;\">8- or 9-seat vehicles: \u20ac53,000<\/span><\/li>\n<li style=\"font-weight: 400;\" aria-level=\"2\"><span style=\"font-weight: 400;\">Electric motorcycles: \u20ac10,000<\/span><\/li>\n<\/ul>\n<\/li>\n<li style=\"font-weight: 400;\" aria-level=\"1\"><span style=\"font-weight: 400;\">Vehicles must be included in the official IDAE list.<\/span><\/li>\n<li style=\"font-weight: 400;\" aria-level=\"1\"><span style=\"font-weight: 400;\">New registration in Spain or demo vehicles no more than 12 months old.<\/span><\/li>\n<li style=\"font-weight: 400;\" aria-level=\"1\"><span style=\"font-weight: 400;\">Purchases made from 1 January 2025 are eligible.<\/span><\/li>\n<\/ul>\n<p><strong>Amount of aid:<\/strong><\/p>\n<ul>\n<li style=\"font-weight: 400;\" aria-level=\"1\"><span style=\"font-weight: 400;\">Between \u20ac1,100 and \u20ac7,000 depending on the vehicle.<\/span><\/li>\n<li style=\"font-weight: 400;\" aria-level=\"1\"><span style=\"font-weight: 400;\">Up to \u20ac9,000 if an old vehicle is scrapped.<\/span><\/li>\n<li style=\"font-weight: 400;\" aria-level=\"1\"><span style=\"font-weight: 400;\">Additional 10 % for:<\/span>\n<ul>\n<li style=\"font-weight: 400;\" aria-level=\"2\"><span style=\"font-weight: 400;\">People with reduced mobility<\/span><\/li>\n<li style=\"font-weight: 400;\" aria-level=\"2\"><span style=\"font-weight: 400;\">Taxis and private-hire vehicles<\/span><\/li>\n<li style=\"font-weight: 400;\" aria-level=\"2\"><span style=\"font-weight: 400;\">Municipalities with fewer than 5,000 inhabitants<\/span><\/li>\n<\/ul>\n<\/li>\n<\/ul>\n<p><strong>Additional conditions:<\/strong><\/p>\n<ul>\n<li style=\"font-weight: 400;\" aria-level=\"1\"><span style=\"font-weight: 400;\">Maximum of 1 vehicle per individual and up to 50 vehicles per company or public administration per year.<\/span><\/li>\n<li style=\"font-weight: 400;\" aria-level=\"1\"><span style=\"font-weight: 400;\">Mandatory minimum discount of \u20ac1,000 (excl. VAT) applied by the dealer for M1 and N1 vehicles.<\/span><\/li>\n<\/ul>\n<h3><img loading=\"lazy\" decoding=\"async\" class=\"alignnone size-full wp-image-733\" src=\"https:\/\/inerpro.es\/wp-content\/uploads\/inerpro-post-plan-moves-iii-2025-catalunya-2.webp\" alt=\"\" width=\"300\" height=\"225\" \/><\/h3>\n<h3>LINE 2: INSTALLATION OF CHARGING POINTS<\/h3>\n<p>Subsidies cover charging points of all capacities, from domestic chargers (&lt;7 kW) to ultra-fast stations (&gt;100 kW). Aid amounts:<\/p>\n<ul>\n<li>Up to 70 % of the investment for individuals, self-employed workers, communities and public administrations (up to 80 % in municipalities with fewer than 5,000 inhabitants).<\/li>\n<li>For companies: between 30 % and 60 %, depending on size and location.<\/li>\n<\/ul>\n<p>Maximum limits:<\/p>\n<ul>\n<li>\u20ac5,000 per installation for individuals<\/li>\n<li>\u20ac800,000 per project<\/li>\n<li>\u20ac2.5 million per beneficiary<\/li>\n<\/ul>\n<p><img loading=\"lazy\" decoding=\"async\" class=\"alignnone size-full wp-image-730\" src=\"https:\/\/inerpro.es\/wp-content\/uploads\/inerpro-post-plan-moves-iii-2025-catalunya-1.webp\" alt=\"\" width=\"300\" height=\"225\" \/><\/p>\n<h3>TIMELINE<\/h3>\n<ul>\n<li>Applications open: from 8 July 2025<\/li>\n<li>Eligible actions: from 1 January 2025<\/li>\n<li>Deadline for justification: 31 December 2026<\/li>\n<li>(Note: regional calls may set earlier deadlines)<\/li>\n<\/ul>\n<h3>Want to benefit from MOVES III 2025?<\/h3>\n<p>At Inerpro we help you:<\/p>\n<ul>\n<li>Define your project<\/li>\n<li>Handle all documentation<\/li>\n<li>Ensure you meet all requirements to obtain the grant<\/li>\n<\/ul>\n<h3>Drive the shift towards more efficient, sustainable mobility with Inerpro.<\/h3>\n","protected":false},"excerpt":{"rendered":"<p>MOVES III 2025: New Grants for Electric Vehicles and Charging Points<\/p>\n","protected":false},"author":1,"featured_media":732,"comment_status":"closed","ping_status":"closed","sticky":false,"template":"","format":"standard","meta":{"_et_pb_use_builder":"","_et_pb_old_content":"","_et_gb_content_width":"","inline_featured_image":false,"footnotes":""},"categories":[30],"tags":[],"class_list":["post-1013","post","type-post","status-publish","format-standard","has-post-thumbnail","hentry","category-sin-categoria-en"],"yoast_head":"<!-- This site is optimized with the Yoast SEO plugin v27.4 - https:\/\/yoast.com\/product\/yoast-seo-wordpress\/ -->\n<title>Plan MOVES III 2025 in Catalonia | Inerpro<\/title>\n<meta name=\"description\" content=\"Discover the support available under the **Plan MOVES III 2025 in Catalonia**: electric vehicles, energy efficiency and business decarbonisation.\" \/>\n<meta name=\"robots\" content=\"index, follow, max-snippet:-1, max-image-preview:large, max-video-preview:-1\" \/>\n<link rel=\"canonical\" href=\"https:\/\/inerpro.es\/en\/blog\/plan-moves-iii-2025-in-catalonia\/\" \/>\n<meta property=\"og:locale\" content=\"en_US\" \/>\n<meta property=\"og:type\" content=\"article\" \/>\n<meta property=\"og:title\" content=\"Plan MOVES III 2025 in Catalonia | Inerpro\" \/>\n<meta property=\"og:description\" content=\"Discover the support available under the **Plan MOVES III 2025 in Catalonia**: electric vehicles, energy efficiency and business decarbonisation.\" \/>\n<meta property=\"og:url\" content=\"https:\/\/inerpro.es\/en\/blog\/plan-moves-iii-2025-in-catalonia\/\" \/>\n<meta property=\"og:site_name\" content=\"Inerpro\" \/>\n<meta property=\"article:published_time\" content=\"2025-07-22T10:50:38+00:00\" \/>\n<meta property=\"og:image\" content=\"https:\/\/inerpro.es\/wp-content\/uploads\/inerpro-post-plan-moves-iii-2025-catalunya-1.webp\" \/>\n\t<meta property=\"og:image:width\" content=\"300\" \/>\n\t<meta property=\"og:image:height\" content=\"225\" \/>\n\t<meta property=\"og:image:type\" content=\"image\/webp\" \/>\n<meta name=\"author\" content=\"welovewebs\" \/>\n<meta name=\"twitter:card\" content=\"summary_large_image\" \/>\n<meta name=\"twitter:label1\" content=\"Written by\" \/>\n\t<meta name=\"twitter:data1\" content=\"welovewebs\" \/>\n\t<meta name=\"twitter:label2\" content=\"Est. reading time\" \/>\n\t<meta name=\"twitter:data2\" content=\"2 minutes\" \/>\n<script type=\"application\/ld+json\" class=\"yoast-schema-graph\">{\"@context\":\"https:\\\/\\\/schema.org\",\"@graph\":[{\"@type\":\"Article\",\"@id\":\"https:\\\/\\\/inerpro.es\\\/en\\\/blog\\\/plan-moves-iii-2025-in-catalonia\\\/#article\",\"isPartOf\":{\"@id\":\"https:\\\/\\\/inerpro.es\\\/en\\\/blog\\\/plan-moves-iii-2025-in-catalonia\\\/\"},\"author\":{\"name\":\"welovewebs\",\"@id\":\"https:\\\/\\\/inerpro.es\\\/en\\\/#\\\/schema\\\/person\\\/643b75fb77c90173f1e639551113698c\"},\"headline\":\"Plan MOVES III 2025 in Catalonia\",\"datePublished\":\"2025-07-22T10:50:38+00:00\",\"mainEntityOfPage\":{\"@id\":\"https:\\\/\\\/inerpro.es\\\/en\\\/blog\\\/plan-moves-iii-2025-in-catalonia\\\/\"},\"wordCount\":324,\"image\":{\"@id\":\"https:\\\/\\\/inerpro.es\\\/en\\\/blog\\\/plan-moves-iii-2025-in-catalonia\\\/#primaryimage\"},\"thumbnailUrl\":\"https:\\\/\\\/inerpro.es\\\/wp-content\\\/uploads\\\/inerpro-post-plan-moves-iii-2025-catalunya-1.webp\",\"articleSection\":[\"Sin categor\u00eda\"],\"inLanguage\":\"en-US\"},{\"@type\":\"WebPage\",\"@id\":\"https:\\\/\\\/inerpro.es\\\/en\\\/blog\\\/plan-moves-iii-2025-in-catalonia\\\/\",\"url\":\"https:\\\/\\\/inerpro.es\\\/en\\\/blog\\\/plan-moves-iii-2025-in-catalonia\\\/\",\"name\":\"Plan MOVES III 2025 in Catalonia | Inerpro\",\"isPartOf\":{\"@id\":\"https:\\\/\\\/inerpro.es\\\/en\\\/#website\"},\"primaryImageOfPage\":{\"@id\":\"https:\\\/\\\/inerpro.es\\\/en\\\/blog\\\/plan-moves-iii-2025-in-catalonia\\\/#primaryimage\"},\"image\":{\"@id\":\"https:\\\/\\\/inerpro.es\\\/en\\\/blog\\\/plan-moves-iii-2025-in-catalonia\\\/#primaryimage\"},\"thumbnailUrl\":\"https:\\\/\\\/inerpro.es\\\/wp-content\\\/uploads\\\/inerpro-post-plan-moves-iii-2025-catalunya-1.webp\",\"datePublished\":\"2025-07-22T10:50:38+00:00\",\"author\":{\"@id\":\"https:\\\/\\\/inerpro.es\\\/en\\\/#\\\/schema\\\/person\\\/643b75fb77c90173f1e639551113698c\"},\"description\":\"Discover the support available under the **Plan MOVES III 2025 in Catalonia**: electric vehicles, energy efficiency and business decarbonisation.\",\"breadcrumb\":{\"@id\":\"https:\\\/\\\/inerpro.es\\\/en\\\/blog\\\/plan-moves-iii-2025-in-catalonia\\\/#breadcrumb\"},\"inLanguage\":\"en-US\",\"potentialAction\":[{\"@type\":\"ReadAction\",\"target\":[\"https:\\\/\\\/inerpro.es\\\/en\\\/blog\\\/plan-moves-iii-2025-in-catalonia\\\/\"]}]},{\"@type\":\"ImageObject\",\"inLanguage\":\"en-US\",\"@id\":\"https:\\\/\\\/inerpro.es\\\/en\\\/blog\\\/plan-moves-iii-2025-in-catalonia\\\/#primaryimage\",\"url\":\"https:\\\/\\\/inerpro.es\\\/wp-content\\\/uploads\\\/inerpro-post-plan-moves-iii-2025-catalunya-1.webp\",\"contentUrl\":\"https:\\\/\\\/inerpro.es\\\/wp-content\\\/uploads\\\/inerpro-post-plan-moves-iii-2025-catalunya-1.webp\",\"width\":300,\"height\":225,\"caption\":\"Coche el\u00e9ctrico azul conectado a un cargador en un entorno urbano, representando la transici\u00f3n hacia una movilidad m\u00e1s sostenible.\"},{\"@type\":\"BreadcrumbList\",\"@id\":\"https:\\\/\\\/inerpro.es\\\/en\\\/blog\\\/plan-moves-iii-2025-in-catalonia\\\/#breadcrumb\",\"itemListElement\":[{\"@type\":\"ListItem\",\"position\":1,\"name\":\"Portada\",\"item\":\"https:\\\/\\\/inerpro.es\\\/en\\\/\"},{\"@type\":\"ListItem\",\"position\":2,\"name\":\"Plan MOVES III 2025 in Catalonia\"}]},{\"@type\":\"WebSite\",\"@id\":\"https:\\\/\\\/inerpro.es\\\/en\\\/#website\",\"url\":\"https:\\\/\\\/inerpro.es\\\/en\\\/\",\"name\":\"Inerpro\",\"description\":\"\",\"potentialAction\":[{\"@type\":\"SearchAction\",\"target\":{\"@type\":\"EntryPoint\",\"urlTemplate\":\"https:\\\/\\\/inerpro.es\\\/en\\\/?s={search_term_string}\"},\"query-input\":{\"@type\":\"PropertyValueSpecification\",\"valueRequired\":true,\"valueName\":\"search_term_string\"}}],\"inLanguage\":\"en-US\"},{\"@type\":\"Person\",\"@id\":\"https:\\\/\\\/inerpro.es\\\/en\\\/#\\\/schema\\\/person\\\/643b75fb77c90173f1e639551113698c\",\"name\":\"welovewebs\",\"image\":{\"@type\":\"ImageObject\",\"inLanguage\":\"en-US\",\"@id\":\"https:\\\/\\\/secure.gravatar.com\\\/avatar\\\/2824609907178cb93def379f9729e9cf09c68f5e38677ed787b0949b9d88b67f?s=96&d=mm&r=g\",\"url\":\"https:\\\/\\\/secure.gravatar.com\\\/avatar\\\/2824609907178cb93def379f9729e9cf09c68f5e38677ed787b0949b9d88b67f?s=96&d=mm&r=g\",\"contentUrl\":\"https:\\\/\\\/secure.gravatar.com\\\/avatar\\\/2824609907178cb93def379f9729e9cf09c68f5e38677ed787b0949b9d88b67f?s=96&d=mm&r=g\",\"caption\":\"welovewebs\"},\"sameAs\":[\"https:\\\/\\\/inerpro.es\\\/\"],\"url\":\"https:\\\/\\\/inerpro.es\\\/en\\\/blog\\\/author\\\/welovewebs\\\/\"}]}<\/script>\n<!-- \/ Yoast SEO plugin. -->","yoast_head_json":{"title":"Plan MOVES III 2025 in Catalonia | Inerpro","description":"Discover the support available under the **Plan MOVES III 2025 in Catalonia**: electric vehicles, energy efficiency and business decarbonisation.","robots":{"index":"index","follow":"follow","max-snippet":"max-snippet:-1","max-image-preview":"max-image-preview:large","max-video-preview":"max-video-preview:-1"},"canonical":"https:\/\/inerpro.es\/en\/blog\/plan-moves-iii-2025-in-catalonia\/","og_locale":"en_US","og_type":"article","og_title":"Plan MOVES III 2025 in Catalonia | Inerpro","og_description":"Discover the support available under the **Plan MOVES III 2025 in Catalonia**: electric vehicles, energy efficiency and business decarbonisation.","og_url":"https:\/\/inerpro.es\/en\/blog\/plan-moves-iii-2025-in-catalonia\/","og_site_name":"Inerpro","article_published_time":"2025-07-22T10:50:38+00:00","og_image":[{"width":300,"height":225,"url":"https:\/\/inerpro.es\/wp-content\/uploads\/inerpro-post-plan-moves-iii-2025-catalunya-1.webp","type":"image\/webp"}],"author":"welovewebs","twitter_card":"summary_large_image","twitter_misc":{"Written by":"welovewebs","Est. reading time":"2 minutes"},"schema":{"@context":"https:\/\/schema.org","@graph":[{"@type":"Article","@id":"https:\/\/inerpro.es\/en\/blog\/plan-moves-iii-2025-in-catalonia\/#article","isPartOf":{"@id":"https:\/\/inerpro.es\/en\/blog\/plan-moves-iii-2025-in-catalonia\/"},"author":{"name":"welovewebs","@id":"https:\/\/inerpro.es\/en\/#\/schema\/person\/643b75fb77c90173f1e639551113698c"},"headline":"Plan MOVES III 2025 in Catalonia","datePublished":"2025-07-22T10:50:38+00:00","mainEntityOfPage":{"@id":"https:\/\/inerpro.es\/en\/blog\/plan-moves-iii-2025-in-catalonia\/"},"wordCount":324,"image":{"@id":"https:\/\/inerpro.es\/en\/blog\/plan-moves-iii-2025-in-catalonia\/#primaryimage"},"thumbnailUrl":"https:\/\/inerpro.es\/wp-content\/uploads\/inerpro-post-plan-moves-iii-2025-catalunya-1.webp","articleSection":["Sin categor\u00eda"],"inLanguage":"en-US"},{"@type":"WebPage","@id":"https:\/\/inerpro.es\/en\/blog\/plan-moves-iii-2025-in-catalonia\/","url":"https:\/\/inerpro.es\/en\/blog\/plan-moves-iii-2025-in-catalonia\/","name":"Plan MOVES III 2025 in Catalonia | Inerpro","isPartOf":{"@id":"https:\/\/inerpro.es\/en\/#website"},"primaryImageOfPage":{"@id":"https:\/\/inerpro.es\/en\/blog\/plan-moves-iii-2025-in-catalonia\/#primaryimage"},"image":{"@id":"https:\/\/inerpro.es\/en\/blog\/plan-moves-iii-2025-in-catalonia\/#primaryimage"},"thumbnailUrl":"https:\/\/inerpro.es\/wp-content\/uploads\/inerpro-post-plan-moves-iii-2025-catalunya-1.webp","datePublished":"2025-07-22T10:50:38+00:00","author":{"@id":"https:\/\/inerpro.es\/en\/#\/schema\/person\/643b75fb77c90173f1e639551113698c"},"description":"Discover the support available under the **Plan MOVES III 2025 in Catalonia**: electric vehicles, energy efficiency and business decarbonisation.","breadcrumb":{"@id":"https:\/\/inerpro.es\/en\/blog\/plan-moves-iii-2025-in-catalonia\/#breadcrumb"},"inLanguage":"en-US","potentialAction":[{"@type":"ReadAction","target":["https:\/\/inerpro.es\/en\/blog\/plan-moves-iii-2025-in-catalonia\/"]}]},{"@type":"ImageObject","inLanguage":"en-US","@id":"https:\/\/inerpro.es\/en\/blog\/plan-moves-iii-2025-in-catalonia\/#primaryimage","url":"https:\/\/inerpro.es\/wp-content\/uploads\/inerpro-post-plan-moves-iii-2025-catalunya-1.webp","contentUrl":"https:\/\/inerpro.es\/wp-content\/uploads\/inerpro-post-plan-moves-iii-2025-catalunya-1.webp","width":300,"height":225,"caption":"Coche el\u00e9ctrico azul conectado a un cargador en un entorno urbano, representando la transici\u00f3n hacia una movilidad m\u00e1s sostenible."},{"@type":"BreadcrumbList","@id":"https:\/\/inerpro.es\/en\/blog\/plan-moves-iii-2025-in-catalonia\/#breadcrumb","itemListElement":[{"@type":"ListItem","position":1,"name":"Portada","item":"https:\/\/inerpro.es\/en\/"},{"@type":"ListItem","position":2,"name":"Plan MOVES III 2025 in Catalonia"}]},{"@type":"WebSite","@id":"https:\/\/inerpro.es\/en\/#website","url":"https:\/\/inerpro.es\/en\/","name":"Inerpro","description":"","potentialAction":[{"@type":"SearchAction","target":{"@type":"EntryPoint","urlTemplate":"https:\/\/inerpro.es\/en\/?s={search_term_string}"},"query-input":{"@type":"PropertyValueSpecification","valueRequired":true,"valueName":"search_term_string"}}],"inLanguage":"en-US"},{"@type":"Person","@id":"https:\/\/inerpro.es\/en\/#\/schema\/person\/643b75fb77c90173f1e639551113698c","name":"welovewebs","image":{"@type":"ImageObject","inLanguage":"en-US","@id":"https:\/\/secure.gravatar.com\/avatar\/2824609907178cb93def379f9729e9cf09c68f5e38677ed787b0949b9d88b67f?s=96&d=mm&r=g","url":"https:\/\/secure.gravatar.com\/avatar\/2824609907178cb93def379f9729e9cf09c68f5e38677ed787b0949b9d88b67f?s=96&d=mm&r=g","contentUrl":"https:\/\/secure.gravatar.com\/avatar\/2824609907178cb93def379f9729e9cf09c68f5e38677ed787b0949b9d88b67f?s=96&d=mm&r=g","caption":"welovewebs"},"sameAs":["https:\/\/inerpro.es\/"],"url":"https:\/\/inerpro.es\/en\/blog\/author\/welovewebs\/"}]}},"_links":{"self":[{"href":"https:\/\/inerpro.es\/en\/wp-json\/wp\/v2\/posts\/1013","targetHints":{"allow":["GET"]}}],"collection":[{"href":"https:\/\/inerpro.es\/en\/wp-json\/wp\/v2\/posts"}],"about":[{"href":"https:\/\/inerpro.es\/en\/wp-json\/wp\/v2\/types\/post"}],"author":[{"embeddable":true,"href":"https:\/\/inerpro.es\/en\/wp-json\/wp\/v2\/users\/1"}],"replies":[{"embeddable":true,"href":"https:\/\/inerpro.es\/en\/wp-json\/wp\/v2\/comments?post=1013"}],"version-history":[{"count":0,"href":"https:\/\/inerpro.es\/en\/wp-json\/wp\/v2\/posts\/1013\/revisions"}],"wp:featuredmedia":[{"embeddable":true,"href":"https:\/\/inerpro.es\/en\/wp-json\/wp\/v2\/media\/732"}],"wp:attachment":[{"href":"https:\/\/inerpro.es\/en\/wp-json\/wp\/v2\/media?parent=1013"}],"wp:term":[{"taxonomy":"category","embeddable":true,"href":"https:\/\/inerpro.es\/en\/wp-json\/wp\/v2\/categories?post=1013"},{"taxonomy":"post_tag","embeddable":true,"href":"https:\/\/inerpro.es\/en\/wp-json\/wp\/v2\/tags?post=1013"}],"curies":[{"name":"wp","href":"https:\/\/api.w.org\/{rel}","templated":true}]}}