{"id":1011,"date":"2025-07-04T06:44:03","date_gmt":"2025-07-04T04:44:03","guid":{"rendered":"https:\/\/inerpro.es\/blog\/descarbonitzacio-amb-retorn\/"},"modified":"2025-09-22T09:16:27","modified_gmt":"2025-09-22T07:16:27","slug":"descarbonitzacio-amb-retorn","status":"publish","type":"post","link":"https:\/\/inerpro.es\/ca\/blog\/descarbonitzacio-amb-retorn\/","title":{"rendered":"Descarbonitzaci\u00f3 amb retorn"},"content":{"rendered":"<p>No \u00e9s nom\u00e9s una q\u00fcesti\u00f3 ambiental, sin\u00f3 una oportunitat per optimitzar costos, millorar la competitivitat i assegurar el compliment normatiu, integrant efici\u00e8ncia energ\u00e8tica, energies renovables, economia circular i tecnologies avan\u00e7ades de monitoratge i control.<\/p>\n<h2>La nostra missi\u00f3 \u00e9s introduir el concepte de descarbonitzaci\u00f3 en l\u2019estrat\u00e8gia global de les empreses<\/h2>\n<p>Volem ser la consultoria que ajudi a implementar l\u2019estrat\u00e8gia de descarbonitzaci\u00f3 en les petites i mitjanes empreses com a oportunitat competitiva i de transici\u00f3 a l\u2019economia sostenible, construint empreses referents del nou mercat. Els nostres valors s\u2019alineen amb els Objectius de Desenvolupament Sostenible de l\u2019ONU i el Pacte Verd de la UE.<\/p>\n<figure><img loading=\"lazy\" decoding=\"async\" class=\"alignnone size-medium wp-image-579\" src=\"https:\/\/inerpro.es\/wp-content\/uploads\/inerpro-post-descarbonizacion-1-300x225.webp\" alt=\"Inerpro | Descarbonitzaci\u00f3 amb retorn a les empreses\" width=\"300\" height=\"225\" \/><\/figure>\n<p>&nbsp;<\/p>\n<h2>En relaci\u00f3 amb els ODS<\/h2>\n<ul>\n<li><strong>ODS 6: Aigua neta i sanejament<\/strong> \u2013 Promovem l\u2019optimitzaci\u00f3 de l\u2019\u00fas de l\u2019aigua i la millora en la gesti\u00f3 dels recursos h\u00eddrics per minimitzar l\u2019impacte ambiental.<\/li>\n<li><strong>ODS 7: Energia assequible i no contaminant<\/strong> \u2013 Impulsem la transici\u00f3 a energies renovables i la millora de l\u2019efici\u00e8ncia energ\u00e8tica.<\/li>\n<li><strong>ODS 9: Ind\u00fastria, innovaci\u00f3 i infraestructura<\/strong> \u2013 Fomentem la tecnologia sostenible i els sistemes energ\u00e8tics nets.<\/li>\n<li><strong>ODS 11: Ciutats i comunitats sostenibles<\/strong> \u2013 Busquem la millora de la qualitat de l\u2019aire i reduir la petjada ambiental.<\/li>\n<li><strong>ODS 12: Producci\u00f3 i consum responsables<\/strong> \u2013 El nostre principal esfor\u00e7 \u00e9s l\u2019optimitzaci\u00f3 de recursos i la minimitzaci\u00f3 del malbaratament.<\/li>\n<li><strong>ODS 13: Acci\u00f3 pel clima<\/strong> \u2013 Contribu\u00efm directament a la mitigaci\u00f3 del canvi clim\u00e0tic.<\/li>\n<\/ul>\n<h2>En relaci\u00f3 amb el PVEU<\/h2>\n<ul>\n<li>Assolir la neutralitat clim\u00e0tica per al <strong>2050<\/strong><\/li>\n<li>Aplicar una estrat\u00e8gia d\u2019<strong>economia circular<\/strong> per reduir residus i optimitzar recursos<\/li>\n<li>Reducci\u00f3 d\u2019emissions de <strong>GEH<\/strong> almenys un 55% per al <strong>2030<\/strong><\/li>\n<li>Promoci\u00f3 d\u2019energies <strong>netes i renovables<\/strong><\/li>\n<li>Finan\u00e7ar iniciatives sostenibles mitjan\u00e7ant la <strong>Taxonomia Verda<\/strong><\/li>\n<\/ul>\n<figure><img loading=\"lazy\" decoding=\"async\" class=\"alignnone size-medium wp-image-582\" src=\"https:\/\/inerpro.es\/wp-content\/uploads\/inerpro-post-descarbonizacion-2-300x225.webp\" alt=\"Inerpro | Relaci\u00f3 entre el PVEU i la descarbonitzaci\u00f3\" width=\"300\" height=\"225\" \/><\/figure>\n<p>&nbsp;<\/p>\n<h2>La descarbonitzaci\u00f3 com a model de negoci rendible i sostenible<\/h2>\n<p>Un projecte de descarbonitzaci\u00f3 es compon de diferents processos complexos i fragmentats, que van des de l\u2019estrat\u00e8gia fins a la implementaci\u00f3 i el finan\u00e7ament. Nosaltres ens ocupem de l\u2019estrat\u00e8gia, busquem els recursos, realitzem el disseny, gestionem l\u2019execuci\u00f3, legalitzem i implementem cada una de les accions en el moment necessari, coordinant i rendibilitzant totes les actuacions.<\/p>\n<figure><img loading=\"lazy\" decoding=\"async\" class=\"alignnone size-medium wp-image-585\" src=\"https:\/\/inerpro.es\/wp-content\/uploads\/inerpro-post-descarbonizacion-3-300x225.webp\" alt=\"Inerpro | Descarbonitzaci\u00f3, beneficis reals per a l\u2019empresa\" width=\"300\" height=\"225\" \/><\/figure>\n<p>&nbsp;<\/p>\n<h2>Descarbonitzaci\u00f3: beneficis reals per a l\u2019empresa<\/h2>\n<p>Implantar una estrat\u00e8gia de descarbonitzaci\u00f3 no nom\u00e9s contribueix a la sostenibilitat, sin\u00f3 que genera avantatges operatius i competitius concrets:<\/p>\n<ul>\n<li><strong>Estalvi de costos<\/strong> mitjan\u00e7ant efici\u00e8ncia energ\u00e8tica, energies renovables i gesti\u00f3 optimitzada de residus.<\/li>\n<li><strong>Compliment normatiu<\/strong> i reducci\u00f3 de riscos, garantint l\u2019adaptaci\u00f3 a la legislaci\u00f3 actual i futura.<\/li>\n<li><strong>Independ\u00e8ncia energ\u00e8tica<\/strong> i digitalitzaci\u00f3, amb monitoratge remot i automatitzaci\u00f3 d\u2019instal\u00b7lacions per millorar la fiabilitat i el confort.<\/li>\n<li><strong>Diferenciaci\u00f3 competitiva i reputacional<\/strong>, enfortint la posici\u00f3 al mercat i obrint noves oportunitats.<\/li>\n<li>Facilitat d\u2019acc\u00e9s a <strong>finan\u00e7ament verd<\/strong>, millorant el retorn de la inversi\u00f3 gr\u00e0cies a subvencions, CAE i finan\u00e7ament preferent.<\/li>\n<li>Atracci\u00f3 d\u2019inversors i <strong>increment del valor patrimonial<\/strong>, alineant l\u2019estrat\u00e8gia empresarial amb els criteris ESG i els objectius internacionals de sostenibilitat.<\/li>\n<li><strong>Fidelitzaci\u00f3 del client final<\/strong>, refor\u00e7ant la confian\u00e7a a trav\u00e9s d\u2019una comunicaci\u00f3 transparent dels \u00e8xits en sostenibilitat.<\/li>\n<li><strong>Contribuci\u00f3 activa a la mitigaci\u00f3 del canvi clim\u00e0tic<\/strong>, posicionant l\u2019empresa com un actor clau en la transici\u00f3 cap a un model econ\u00f2mic m\u00e9s responsable i resilient.<\/li>\n<\/ul>\n","protected":false},"excerpt":{"rendered":"<p>La descarbonitzaci\u00f3 \u00e9s un proc\u00e9s estrat\u00e8gic que permet a les empreses reduir o eliminar les seves emissions de gasos amb efecte d\u2019hivernacle, alineant la seva activitat amb els objectius globals de sostenibilitat<\/p>\n","protected":false},"author":1,"featured_media":580,"comment_status":"closed","ping_status":"closed","sticky":false,"template":"","format":"standard","meta":{"_et_pb_use_builder":"","_et_pb_old_content":"","_et_gb_content_width":"","inline_featured_image":false,"footnotes":""},"categories":[1],"tags":[],"class_list":["post-1011","post","type-post","status-publish","format-standard","has-post-thumbnail","hentry","category-sin-categoria"],"yoast_head":"<!-- This site is optimized with the Yoast SEO plugin v27.4 - https:\/\/yoast.com\/product\/yoast-seo-wordpress\/ -->\n<title>Descarbonitzaci\u00f3 amb retorn | Inerpro<\/title>\n<meta name=\"description\" content=\"Descobreix com la descarbonitzaci\u00f3 empresarial ofereix beneficis econ\u00f2mics i sostenibles: estalvi, subvencions i impacte positiu.\" \/>\n<meta name=\"robots\" content=\"index, follow, max-snippet:-1, max-image-preview:large, max-video-preview:-1\" \/>\n<link rel=\"canonical\" href=\"https:\/\/inerpro.es\/ca\/blog\/descarbonitzacio-amb-retorn\/\" \/>\n<meta property=\"og:locale\" content=\"ca_ES\" \/>\n<meta property=\"og:type\" content=\"article\" \/>\n<meta property=\"og:title\" content=\"Descarbonitzaci\u00f3 amb retorn | Inerpro\" \/>\n<meta property=\"og:description\" content=\"Descobreix com la descarbonitzaci\u00f3 empresarial ofereix beneficis econ\u00f2mics i sostenibles: estalvi, subvencions i impacte positiu.\" \/>\n<meta property=\"og:url\" content=\"https:\/\/inerpro.es\/ca\/blog\/descarbonitzacio-amb-retorn\/\" \/>\n<meta property=\"og:site_name\" content=\"Inerpro\" \/>\n<meta property=\"article:published_time\" content=\"2025-07-04T04:44:03+00:00\" \/>\n<meta property=\"article:modified_time\" content=\"2025-09-22T07:16:27+00:00\" \/>\n<meta property=\"og:image\" content=\"https:\/\/inerpro.es\/wp-content\/uploads\/inerpro-post-descarbonizacion-1.webp\" \/>\n\t<meta property=\"og:image:width\" content=\"579\" \/>\n\t<meta property=\"og:image:height\" content=\"434\" \/>\n\t<meta property=\"og:image:type\" content=\"image\/webp\" \/>\n<meta name=\"author\" content=\"welovewebs\" \/>\n<meta name=\"twitter:card\" content=\"summary_large_image\" \/>\n<meta name=\"twitter:label1\" content=\"Escrit per\" \/>\n\t<meta name=\"twitter:data1\" content=\"welovewebs\" \/>\n\t<meta name=\"twitter:label2\" content=\"Temps estimat de lectura\" \/>\n\t<meta name=\"twitter:data2\" content=\"4 minuts\" \/>\n<script type=\"application\/ld+json\" class=\"yoast-schema-graph\">{\"@context\":\"https:\\\/\\\/schema.org\",\"@graph\":[{\"@type\":\"Article\",\"@id\":\"https:\\\/\\\/inerpro.es\\\/ca\\\/blog\\\/descarbonitzacio-amb-retorn\\\/#article\",\"isPartOf\":{\"@id\":\"https:\\\/\\\/inerpro.es\\\/ca\\\/blog\\\/descarbonitzacio-amb-retorn\\\/\"},\"author\":{\"name\":\"welovewebs\",\"@id\":\"https:\\\/\\\/inerpro.es\\\/ca\\\/#\\\/schema\\\/person\\\/643b75fb77c90173f1e639551113698c\"},\"headline\":\"Descarbonitzaci\u00f3 amb retorn\",\"datePublished\":\"2025-07-04T04:44:03+00:00\",\"dateModified\":\"2025-09-22T07:16:27+00:00\",\"mainEntityOfPage\":{\"@id\":\"https:\\\/\\\/inerpro.es\\\/ca\\\/blog\\\/descarbonitzacio-amb-retorn\\\/\"},\"wordCount\":551,\"image\":{\"@id\":\"https:\\\/\\\/inerpro.es\\\/ca\\\/blog\\\/descarbonitzacio-amb-retorn\\\/#primaryimage\"},\"thumbnailUrl\":\"https:\\\/\\\/inerpro.es\\\/wp-content\\\/uploads\\\/inerpro-post-descarbonizacion-1.webp\",\"articleSection\":[\"Sin categor\u00eda\"],\"inLanguage\":\"ca\"},{\"@type\":\"WebPage\",\"@id\":\"https:\\\/\\\/inerpro.es\\\/ca\\\/blog\\\/descarbonitzacio-amb-retorn\\\/\",\"url\":\"https:\\\/\\\/inerpro.es\\\/ca\\\/blog\\\/descarbonitzacio-amb-retorn\\\/\",\"name\":\"Descarbonitzaci\u00f3 amb retorn | Inerpro\",\"isPartOf\":{\"@id\":\"https:\\\/\\\/inerpro.es\\\/ca\\\/#website\"},\"primaryImageOfPage\":{\"@id\":\"https:\\\/\\\/inerpro.es\\\/ca\\\/blog\\\/descarbonitzacio-amb-retorn\\\/#primaryimage\"},\"image\":{\"@id\":\"https:\\\/\\\/inerpro.es\\\/ca\\\/blog\\\/descarbonitzacio-amb-retorn\\\/#primaryimage\"},\"thumbnailUrl\":\"https:\\\/\\\/inerpro.es\\\/wp-content\\\/uploads\\\/inerpro-post-descarbonizacion-1.webp\",\"datePublished\":\"2025-07-04T04:44:03+00:00\",\"dateModified\":\"2025-09-22T07:16:27+00:00\",\"author\":{\"@id\":\"https:\\\/\\\/inerpro.es\\\/ca\\\/#\\\/schema\\\/person\\\/643b75fb77c90173f1e639551113698c\"},\"description\":\"Descobreix com la descarbonitzaci\u00f3 empresarial ofereix beneficis econ\u00f2mics i sostenibles: estalvi, subvencions i impacte positiu.\",\"breadcrumb\":{\"@id\":\"https:\\\/\\\/inerpro.es\\\/ca\\\/blog\\\/descarbonitzacio-amb-retorn\\\/#breadcrumb\"},\"inLanguage\":\"ca\",\"potentialAction\":[{\"@type\":\"ReadAction\",\"target\":[\"https:\\\/\\\/inerpro.es\\\/ca\\\/blog\\\/descarbonitzacio-amb-retorn\\\/\"]}]},{\"@type\":\"ImageObject\",\"inLanguage\":\"ca\",\"@id\":\"https:\\\/\\\/inerpro.es\\\/ca\\\/blog\\\/descarbonitzacio-amb-retorn\\\/#primaryimage\",\"url\":\"https:\\\/\\\/inerpro.es\\\/wp-content\\\/uploads\\\/inerpro-post-descarbonizacion-1.webp\",\"contentUrl\":\"https:\\\/\\\/inerpro.es\\\/wp-content\\\/uploads\\\/inerpro-post-descarbonizacion-1.webp\",\"width\":579,\"height\":434,\"caption\":\"Inerpro | Descarbonizaci\u00f3n con retorno\"},{\"@type\":\"BreadcrumbList\",\"@id\":\"https:\\\/\\\/inerpro.es\\\/ca\\\/blog\\\/descarbonitzacio-amb-retorn\\\/#breadcrumb\",\"itemListElement\":[{\"@type\":\"ListItem\",\"position\":1,\"name\":\"Portada\",\"item\":\"https:\\\/\\\/inerpro.es\\\/ca\\\/\"},{\"@type\":\"ListItem\",\"position\":2,\"name\":\"Descarbonitzaci\u00f3 amb retorn\"}]},{\"@type\":\"WebSite\",\"@id\":\"https:\\\/\\\/inerpro.es\\\/ca\\\/#website\",\"url\":\"https:\\\/\\\/inerpro.es\\\/ca\\\/\",\"name\":\"Inerpro\",\"description\":\"\",\"potentialAction\":[{\"@type\":\"SearchAction\",\"target\":{\"@type\":\"EntryPoint\",\"urlTemplate\":\"https:\\\/\\\/inerpro.es\\\/ca\\\/?s={search_term_string}\"},\"query-input\":{\"@type\":\"PropertyValueSpecification\",\"valueRequired\":true,\"valueName\":\"search_term_string\"}}],\"inLanguage\":\"ca\"},{\"@type\":\"Person\",\"@id\":\"https:\\\/\\\/inerpro.es\\\/ca\\\/#\\\/schema\\\/person\\\/643b75fb77c90173f1e639551113698c\",\"name\":\"welovewebs\",\"image\":{\"@type\":\"ImageObject\",\"inLanguage\":\"ca\",\"@id\":\"https:\\\/\\\/secure.gravatar.com\\\/avatar\\\/2824609907178cb93def379f9729e9cf09c68f5e38677ed787b0949b9d88b67f?s=96&d=mm&r=g\",\"url\":\"https:\\\/\\\/secure.gravatar.com\\\/avatar\\\/2824609907178cb93def379f9729e9cf09c68f5e38677ed787b0949b9d88b67f?s=96&d=mm&r=g\",\"contentUrl\":\"https:\\\/\\\/secure.gravatar.com\\\/avatar\\\/2824609907178cb93def379f9729e9cf09c68f5e38677ed787b0949b9d88b67f?s=96&d=mm&r=g\",\"caption\":\"welovewebs\"},\"sameAs\":[\"https:\\\/\\\/inerpro.es\\\/\"],\"url\":\"https:\\\/\\\/inerpro.es\\\/ca\\\/blog\\\/author\\\/welovewebs\\\/\"}]}<\/script>\n<!-- \/ Yoast SEO plugin. -->","yoast_head_json":{"title":"Descarbonitzaci\u00f3 amb retorn | Inerpro","description":"Descobreix com la descarbonitzaci\u00f3 empresarial ofereix beneficis econ\u00f2mics i sostenibles: estalvi, subvencions i impacte positiu.","robots":{"index":"index","follow":"follow","max-snippet":"max-snippet:-1","max-image-preview":"max-image-preview:large","max-video-preview":"max-video-preview:-1"},"canonical":"https:\/\/inerpro.es\/ca\/blog\/descarbonitzacio-amb-retorn\/","og_locale":"ca_ES","og_type":"article","og_title":"Descarbonitzaci\u00f3 amb retorn | Inerpro","og_description":"Descobreix com la descarbonitzaci\u00f3 empresarial ofereix beneficis econ\u00f2mics i sostenibles: estalvi, subvencions i impacte positiu.","og_url":"https:\/\/inerpro.es\/ca\/blog\/descarbonitzacio-amb-retorn\/","og_site_name":"Inerpro","article_published_time":"2025-07-04T04:44:03+00:00","article_modified_time":"2025-09-22T07:16:27+00:00","og_image":[{"width":579,"height":434,"url":"https:\/\/inerpro.es\/wp-content\/uploads\/inerpro-post-descarbonizacion-1.webp","type":"image\/webp"}],"author":"welovewebs","twitter_card":"summary_large_image","twitter_misc":{"Escrit per":"welovewebs","Temps estimat de lectura":"4 minuts"},"schema":{"@context":"https:\/\/schema.org","@graph":[{"@type":"Article","@id":"https:\/\/inerpro.es\/ca\/blog\/descarbonitzacio-amb-retorn\/#article","isPartOf":{"@id":"https:\/\/inerpro.es\/ca\/blog\/descarbonitzacio-amb-retorn\/"},"author":{"name":"welovewebs","@id":"https:\/\/inerpro.es\/ca\/#\/schema\/person\/643b75fb77c90173f1e639551113698c"},"headline":"Descarbonitzaci\u00f3 amb retorn","datePublished":"2025-07-04T04:44:03+00:00","dateModified":"2025-09-22T07:16:27+00:00","mainEntityOfPage":{"@id":"https:\/\/inerpro.es\/ca\/blog\/descarbonitzacio-amb-retorn\/"},"wordCount":551,"image":{"@id":"https:\/\/inerpro.es\/ca\/blog\/descarbonitzacio-amb-retorn\/#primaryimage"},"thumbnailUrl":"https:\/\/inerpro.es\/wp-content\/uploads\/inerpro-post-descarbonizacion-1.webp","articleSection":["Sin categor\u00eda"],"inLanguage":"ca"},{"@type":"WebPage","@id":"https:\/\/inerpro.es\/ca\/blog\/descarbonitzacio-amb-retorn\/","url":"https:\/\/inerpro.es\/ca\/blog\/descarbonitzacio-amb-retorn\/","name":"Descarbonitzaci\u00f3 amb retorn | Inerpro","isPartOf":{"@id":"https:\/\/inerpro.es\/ca\/#website"},"primaryImageOfPage":{"@id":"https:\/\/inerpro.es\/ca\/blog\/descarbonitzacio-amb-retorn\/#primaryimage"},"image":{"@id":"https:\/\/inerpro.es\/ca\/blog\/descarbonitzacio-amb-retorn\/#primaryimage"},"thumbnailUrl":"https:\/\/inerpro.es\/wp-content\/uploads\/inerpro-post-descarbonizacion-1.webp","datePublished":"2025-07-04T04:44:03+00:00","dateModified":"2025-09-22T07:16:27+00:00","author":{"@id":"https:\/\/inerpro.es\/ca\/#\/schema\/person\/643b75fb77c90173f1e639551113698c"},"description":"Descobreix com la descarbonitzaci\u00f3 empresarial ofereix beneficis econ\u00f2mics i sostenibles: estalvi, subvencions i impacte positiu.","breadcrumb":{"@id":"https:\/\/inerpro.es\/ca\/blog\/descarbonitzacio-amb-retorn\/#breadcrumb"},"inLanguage":"ca","potentialAction":[{"@type":"ReadAction","target":["https:\/\/inerpro.es\/ca\/blog\/descarbonitzacio-amb-retorn\/"]}]},{"@type":"ImageObject","inLanguage":"ca","@id":"https:\/\/inerpro.es\/ca\/blog\/descarbonitzacio-amb-retorn\/#primaryimage","url":"https:\/\/inerpro.es\/wp-content\/uploads\/inerpro-post-descarbonizacion-1.webp","contentUrl":"https:\/\/inerpro.es\/wp-content\/uploads\/inerpro-post-descarbonizacion-1.webp","width":579,"height":434,"caption":"Inerpro | Descarbonizaci\u00f3n con retorno"},{"@type":"BreadcrumbList","@id":"https:\/\/inerpro.es\/ca\/blog\/descarbonitzacio-amb-retorn\/#breadcrumb","itemListElement":[{"@type":"ListItem","position":1,"name":"Portada","item":"https:\/\/inerpro.es\/ca\/"},{"@type":"ListItem","position":2,"name":"Descarbonitzaci\u00f3 amb retorn"}]},{"@type":"WebSite","@id":"https:\/\/inerpro.es\/ca\/#website","url":"https:\/\/inerpro.es\/ca\/","name":"Inerpro","description":"","potentialAction":[{"@type":"SearchAction","target":{"@type":"EntryPoint","urlTemplate":"https:\/\/inerpro.es\/ca\/?s={search_term_string}"},"query-input":{"@type":"PropertyValueSpecification","valueRequired":true,"valueName":"search_term_string"}}],"inLanguage":"ca"},{"@type":"Person","@id":"https:\/\/inerpro.es\/ca\/#\/schema\/person\/643b75fb77c90173f1e639551113698c","name":"welovewebs","image":{"@type":"ImageObject","inLanguage":"ca","@id":"https:\/\/secure.gravatar.com\/avatar\/2824609907178cb93def379f9729e9cf09c68f5e38677ed787b0949b9d88b67f?s=96&d=mm&r=g","url":"https:\/\/secure.gravatar.com\/avatar\/2824609907178cb93def379f9729e9cf09c68f5e38677ed787b0949b9d88b67f?s=96&d=mm&r=g","contentUrl":"https:\/\/secure.gravatar.com\/avatar\/2824609907178cb93def379f9729e9cf09c68f5e38677ed787b0949b9d88b67f?s=96&d=mm&r=g","caption":"welovewebs"},"sameAs":["https:\/\/inerpro.es\/"],"url":"https:\/\/inerpro.es\/ca\/blog\/author\/welovewebs\/"}]}},"_links":{"self":[{"href":"https:\/\/inerpro.es\/ca\/wp-json\/wp\/v2\/posts\/1011","targetHints":{"allow":["GET"]}}],"collection":[{"href":"https:\/\/inerpro.es\/ca\/wp-json\/wp\/v2\/posts"}],"about":[{"href":"https:\/\/inerpro.es\/ca\/wp-json\/wp\/v2\/types\/post"}],"author":[{"embeddable":true,"href":"https:\/\/inerpro.es\/ca\/wp-json\/wp\/v2\/users\/1"}],"replies":[{"embeddable":true,"href":"https:\/\/inerpro.es\/ca\/wp-json\/wp\/v2\/comments?post=1011"}],"version-history":[{"count":3,"href":"https:\/\/inerpro.es\/ca\/wp-json\/wp\/v2\/posts\/1011\/revisions"}],"predecessor-version":[{"id":1050,"href":"https:\/\/inerpro.es\/ca\/wp-json\/wp\/v2\/posts\/1011\/revisions\/1050"}],"wp:featuredmedia":[{"embeddable":true,"href":"https:\/\/inerpro.es\/ca\/wp-json\/wp\/v2\/media\/580"}],"wp:attachment":[{"href":"https:\/\/inerpro.es\/ca\/wp-json\/wp\/v2\/media?parent=1011"}],"wp:term":[{"taxonomy":"category","embeddable":true,"href":"https:\/\/inerpro.es\/ca\/wp-json\/wp\/v2\/categories?post=1011"},{"taxonomy":"post_tag","embeddable":true,"href":"https:\/\/inerpro.es\/ca\/wp-json\/wp\/v2\/tags?post=1011"}],"curies":[{"name":"wp","href":"https:\/\/api.w.org\/{rel}","templated":true}]}}