{"id":1009,"date":"2025-07-22T12:50:38","date_gmt":"2025-07-22T10:50:38","guid":{"rendered":"https:\/\/inerpro.es\/blog\/pla-moves-iii-2025-a-catalunya\/"},"modified":"2025-09-19T11:16:25","modified_gmt":"2025-09-19T09:16:25","slug":"pla-moves-iii-2025-a-catalunya","status":"publish","type":"post","link":"https:\/\/inerpro.es\/ca\/blog\/pla-moves-iii-2025-a-catalunya\/","title":{"rendered":"Pla MOVES III 2025 a Catalunya"},"content":{"rendered":"<p>El nou programa MOVES III 2025 ja est\u00e0 en marxa a Catalunya. El seu objectiu \u00e9s impulsar la mobilitat sostenible, facilitant la transici\u00f3 cap a un transport m\u00e9s net i eficient. Si est\u00e0s pensant a canviar a un vehicle el\u00e8ctric o instal\u00b7lar punts de rec\u00e0rrega, aquest \u00e9s el moment perfecte. <em>Segons Base reguladora TER\/2501\/2025, de 2 de juliol, INSTITUT CATAL\u00c0 D\u2019ENERGIA (ref. BDNS 843930)<\/em><\/p>\n<h3>A qui van dirigides les ajudes?<\/h3>\n<ul>\n<li>Persones f\u00edsiques<\/li>\n<li>Empreses<\/li>\n<li>Administracions p\u00fabliques<\/li>\n<li>Comunitats de propietaris<\/li>\n<\/ul>\n<p><img loading=\"lazy\" decoding=\"async\" class=\"alignnone size-full wp-image-736\" src=\"https:\/\/inerpro.es\/wp-content\/uploads\/inerpro-post-plan-moves-iii-2025-catalunya-3.webp\" alt=\"\" width=\"300\" height=\"225\" \/><\/p>\n<h3>L\u00cdNIA 1: COMPRA DE VEHICLES EL\u00c8CTRICS O D\u2019HIDROGEN<\/h3>\n<p>Es subvenciona la compra directa, r\u00e8nting o l\u00edsing de vehicles nous o de demostraci\u00f3 (amb menys de 12 mesos). <strong>Requisits principals:<\/strong><\/p>\n<ul>\n<li style=\"font-weight: 400;\" aria-level=\"1\"><span style=\"font-weight: 400;\">Preu m\u00e0xim (sense IVA):<\/span>\n<ul>\n<li style=\"font-weight: 400;\" aria-level=\"2\"><span style=\"font-weight: 400;\">Turismes i furgonetes: 45.000 \u20ac<\/span><\/li>\n<li style=\"font-weight: 400;\" aria-level=\"2\"><span style=\"font-weight: 400;\">Vehicles de 8 o 9 places: 53.000 \u20ac<\/span><\/li>\n<li style=\"font-weight: 400;\" aria-level=\"2\"><span style=\"font-weight: 400;\">Motocicletes el\u00e8ctriques: 10.000 \u20ac<\/span><\/li>\n<\/ul>\n<\/li>\n<li style=\"font-weight: 400;\" aria-level=\"1\"><span style=\"font-weight: 400;\">Vehicles inclosos en el llistat oficial de l\u2019IDAE.<\/span><\/li>\n<li style=\"font-weight: 400;\" aria-level=\"1\"><span style=\"font-weight: 400;\">Matriculaci\u00f3 nova a Espanya o vehicles demo amb una antiguitat m\u00e0xima de 12 mesos.<\/span><\/li>\n<li style=\"font-weight: 400;\" aria-level=\"1\"><span style=\"font-weight: 400;\">Les compres a partir de l\u20191 de gener de 2025 s\u00f3n subvencionables.<\/span><\/li>\n<\/ul>\n<p><strong>Import de les ajudes:<\/strong><\/p>\n<ul>\n<li style=\"font-weight: 400;\" aria-level=\"1\"><span style=\"font-weight: 400;\">Entre 1.100 \u20ac i 7.000 \u20ac, segons el vehicle.<\/span><\/li>\n<li style=\"font-weight: 400;\" aria-level=\"1\"><span style=\"font-weight: 400;\">Fins a 9.000 \u20ac si s\u2019entrega un vehicle antic per a desballestament.<\/span><\/li>\n<li style=\"font-weight: 400;\" aria-level=\"1\"><span style=\"font-weight: 400;\">Increment del 10 % addicional per a:<\/span>\n<ul>\n<li style=\"font-weight: 400;\" aria-level=\"2\"><span style=\"font-weight: 400;\">Persones amb mobilitat redu\u00efda<\/span><\/li>\n<li style=\"font-weight: 400;\" aria-level=\"2\"><span style=\"font-weight: 400;\">Taxis i VTC<\/span><\/li>\n<li style=\"font-weight: 400;\" aria-level=\"2\"><span style=\"font-weight: 400;\">Municipis de menys de 5.000 habitants<\/span><\/li>\n<\/ul>\n<\/li>\n<\/ul>\n<p><strong>Condicions addicionals:<\/strong><\/p>\n<ul>\n<li style=\"font-weight: 400;\" aria-level=\"1\"><span style=\"font-weight: 400;\">M\u00e0xim 1 vehicle per persona i fins a 50 vehicles per empresa o administraci\u00f3 p\u00fablica a l\u2019any.<\/span><\/li>\n<li style=\"font-weight: 400;\" aria-level=\"1\"><span style=\"font-weight: 400;\">Descompte obligatori m\u00ednim d\u20191.000 \u20ac (sense IVA) aplicat pel concessionari en vehicles M1 i N1.<\/span><\/li>\n<\/ul>\n<h3><img loading=\"lazy\" decoding=\"async\" class=\"alignnone size-full wp-image-733\" src=\"https:\/\/inerpro.es\/wp-content\/uploads\/inerpro-post-plan-moves-iii-2025-catalunya-2.webp\" alt=\"\" width=\"300\" height=\"225\" \/><\/h3>\n<h3>L\u00cdNIA 2: INSTAL\u00b7LACI\u00d3 DE PUNTS DE REC\u00c0RREGA<\/h3>\n<p>Se subvencionen punts de rec\u00e0rrega de totes les pot\u00e8ncies, des de carregadors dom\u00e8stics (&lt;7 kW) fins a estacions ultrar\u00e0pides (&gt;100 kW). Import de les ajudes:<\/p>\n<ul>\n<li>Fins al 70 % de la inversi\u00f3 per a particulars, aut\u00f2noms, comunitats i administracions (fins al 80 % en municipis de menys de 5.000 habitants).<\/li>\n<li>Per a empreses: entre el 30 % i el 60 %, segons mida i ubicaci\u00f3.<\/li>\n<\/ul>\n<p>L\u00edmits m\u00e0xims:<\/p>\n<ul>\n<li>5.000 \u20ac per instal\u00b7laci\u00f3 per a particulars<\/li>\n<li>800.000 \u20ac per expedient<\/li>\n<li>2,5 milions d\u2019euros per beneficiari<\/li>\n<\/ul>\n<p><img loading=\"lazy\" decoding=\"async\" class=\"alignnone size-full wp-image-730\" src=\"https:\/\/inerpro.es\/wp-content\/uploads\/inerpro-post-plan-moves-iii-2025-catalunya-1.webp\" alt=\"\" width=\"300\" height=\"225\" \/><\/p>\n<h3>TERMINIS<\/h3>\n<ul>\n<li>Inici de sol\u00b7licituds: des del 8 de juliol de 2025<\/li>\n<li>Actuacions subvencionables des de l\u20191 de gener de 2025<\/li>\n<li>Data l\u00edmit de justificaci\u00f3: 31 de desembre de 2026<\/li>\n<li>(Atenci\u00f3: les convocat\u00f2ries auton\u00f2miques poden escur\u00e7ar aquest termini)<\/li>\n<\/ul>\n<h3>Vols beneficiar-te del MOVES III 2025?<\/h3>\n<p>A Inerpro t\u2019ajudem a:<\/p>\n<ul>\n<li>Definir el teu projecte<\/li>\n<li>Tramitar tota la documentaci\u00f3<\/li>\n<li>Assegurar que compleixis tots els requisits per obtenir la subvenci\u00f3<\/li>\n<\/ul>\n<h3>Condueix el canvi cap a una mobilitat m\u00e9s eficient i sostenible amb Inerpro.<\/h3>\n","protected":false},"excerpt":{"rendered":"<p>MOVES III 2025: Noves Ajudes per a Vehicles El\u00e8ctrics i Punts de Rec\u00e0rrega<\/p>\n","protected":false},"author":1,"featured_media":731,"comment_status":"closed","ping_status":"closed","sticky":false,"template":"","format":"standard","meta":{"_et_pb_use_builder":"","_et_pb_old_content":"","_et_gb_content_width":"","inline_featured_image":false,"footnotes":""},"categories":[1],"tags":[],"class_list":["post-1009","post","type-post","status-publish","format-standard","has-post-thumbnail","hentry","category-sin-categoria"],"yoast_head":"<!-- This site is optimized with the Yoast SEO plugin v27.4 - https:\/\/yoast.com\/product\/yoast-seo-wordpress\/ -->\n<title>Pla MOVES III 2025 a Catalunya | Inerpro<\/title>\n<meta name=\"description\" content=\"Coneix les ajudes del Pla MOVES III 2025 a Catalunya: vehicles el\u00e8ctrics, efici\u00e8ncia energ\u00e8tica i descarbonitzaci\u00f3 empresarial.\" \/>\n<meta name=\"robots\" content=\"index, follow, max-snippet:-1, max-image-preview:large, max-video-preview:-1\" \/>\n<link rel=\"canonical\" href=\"https:\/\/inerpro.es\/ca\/blog\/pla-moves-iii-2025-a-catalunya\/\" \/>\n<meta property=\"og:locale\" content=\"ca_ES\" \/>\n<meta property=\"og:type\" content=\"article\" \/>\n<meta property=\"og:title\" content=\"Pla MOVES III 2025 a Catalunya | Inerpro\" \/>\n<meta property=\"og:description\" content=\"Coneix les ajudes del Pla MOVES III 2025 a Catalunya: vehicles el\u00e8ctrics, efici\u00e8ncia energ\u00e8tica i descarbonitzaci\u00f3 empresarial.\" \/>\n<meta property=\"og:url\" content=\"https:\/\/inerpro.es\/ca\/blog\/pla-moves-iii-2025-a-catalunya\/\" \/>\n<meta property=\"og:site_name\" content=\"Inerpro\" \/>\n<meta property=\"article:published_time\" content=\"2025-07-22T10:50:38+00:00\" \/>\n<meta property=\"article:modified_time\" content=\"2025-09-19T09:16:25+00:00\" \/>\n<meta property=\"og:image\" content=\"https:\/\/inerpro.es\/wp-content\/uploads\/inerpro-post-plan-moves-iii-2025-catalunya-1.webp\" \/>\n\t<meta property=\"og:image:width\" content=\"300\" \/>\n\t<meta property=\"og:image:height\" content=\"225\" \/>\n\t<meta property=\"og:image:type\" content=\"image\/webp\" \/>\n<meta name=\"author\" content=\"welovewebs\" \/>\n<meta name=\"twitter:card\" content=\"summary_large_image\" \/>\n<meta name=\"twitter:label1\" content=\"Escrit per\" \/>\n\t<meta name=\"twitter:data1\" content=\"welovewebs\" \/>\n\t<meta name=\"twitter:label2\" content=\"Temps estimat de lectura\" \/>\n\t<meta name=\"twitter:data2\" content=\"2 minuts\" \/>\n<script type=\"application\/ld+json\" class=\"yoast-schema-graph\">{\"@context\":\"https:\\\/\\\/schema.org\",\"@graph\":[{\"@type\":\"Article\",\"@id\":\"https:\\\/\\\/inerpro.es\\\/ca\\\/blog\\\/pla-moves-iii-2025-a-catalunya\\\/#article\",\"isPartOf\":{\"@id\":\"https:\\\/\\\/inerpro.es\\\/ca\\\/blog\\\/pla-moves-iii-2025-a-catalunya\\\/\"},\"author\":{\"name\":\"welovewebs\",\"@id\":\"https:\\\/\\\/inerpro.es\\\/ca\\\/#\\\/schema\\\/person\\\/643b75fb77c90173f1e639551113698c\"},\"headline\":\"Pla MOVES III 2025 a Catalunya\",\"datePublished\":\"2025-07-22T10:50:38+00:00\",\"dateModified\":\"2025-09-19T09:16:25+00:00\",\"mainEntityOfPage\":{\"@id\":\"https:\\\/\\\/inerpro.es\\\/ca\\\/blog\\\/pla-moves-iii-2025-a-catalunya\\\/\"},\"wordCount\":409,\"image\":{\"@id\":\"https:\\\/\\\/inerpro.es\\\/ca\\\/blog\\\/pla-moves-iii-2025-a-catalunya\\\/#primaryimage\"},\"thumbnailUrl\":\"https:\\\/\\\/inerpro.es\\\/wp-content\\\/uploads\\\/inerpro-post-plan-moves-iii-2025-catalunya-1.webp\",\"articleSection\":[\"Sin categor\u00eda\"],\"inLanguage\":\"ca\"},{\"@type\":\"WebPage\",\"@id\":\"https:\\\/\\\/inerpro.es\\\/ca\\\/blog\\\/pla-moves-iii-2025-a-catalunya\\\/\",\"url\":\"https:\\\/\\\/inerpro.es\\\/ca\\\/blog\\\/pla-moves-iii-2025-a-catalunya\\\/\",\"name\":\"Pla MOVES III 2025 a Catalunya | Inerpro\",\"isPartOf\":{\"@id\":\"https:\\\/\\\/inerpro.es\\\/ca\\\/#website\"},\"primaryImageOfPage\":{\"@id\":\"https:\\\/\\\/inerpro.es\\\/ca\\\/blog\\\/pla-moves-iii-2025-a-catalunya\\\/#primaryimage\"},\"image\":{\"@id\":\"https:\\\/\\\/inerpro.es\\\/ca\\\/blog\\\/pla-moves-iii-2025-a-catalunya\\\/#primaryimage\"},\"thumbnailUrl\":\"https:\\\/\\\/inerpro.es\\\/wp-content\\\/uploads\\\/inerpro-post-plan-moves-iii-2025-catalunya-1.webp\",\"datePublished\":\"2025-07-22T10:50:38+00:00\",\"dateModified\":\"2025-09-19T09:16:25+00:00\",\"author\":{\"@id\":\"https:\\\/\\\/inerpro.es\\\/ca\\\/#\\\/schema\\\/person\\\/643b75fb77c90173f1e639551113698c\"},\"description\":\"Coneix les ajudes del Pla MOVES III 2025 a Catalunya: vehicles el\u00e8ctrics, efici\u00e8ncia energ\u00e8tica i descarbonitzaci\u00f3 empresarial.\",\"breadcrumb\":{\"@id\":\"https:\\\/\\\/inerpro.es\\\/ca\\\/blog\\\/pla-moves-iii-2025-a-catalunya\\\/#breadcrumb\"},\"inLanguage\":\"ca\",\"potentialAction\":[{\"@type\":\"ReadAction\",\"target\":[\"https:\\\/\\\/inerpro.es\\\/ca\\\/blog\\\/pla-moves-iii-2025-a-catalunya\\\/\"]}]},{\"@type\":\"ImageObject\",\"inLanguage\":\"ca\",\"@id\":\"https:\\\/\\\/inerpro.es\\\/ca\\\/blog\\\/pla-moves-iii-2025-a-catalunya\\\/#primaryimage\",\"url\":\"https:\\\/\\\/inerpro.es\\\/wp-content\\\/uploads\\\/inerpro-post-plan-moves-iii-2025-catalunya-1.webp\",\"contentUrl\":\"https:\\\/\\\/inerpro.es\\\/wp-content\\\/uploads\\\/inerpro-post-plan-moves-iii-2025-catalunya-1.webp\",\"width\":300,\"height\":225,\"caption\":\"Coche el\u00e9ctrico azul conectado a un cargador en un entorno urbano, representando la transici\u00f3n hacia una movilidad m\u00e1s sostenible.\"},{\"@type\":\"BreadcrumbList\",\"@id\":\"https:\\\/\\\/inerpro.es\\\/ca\\\/blog\\\/pla-moves-iii-2025-a-catalunya\\\/#breadcrumb\",\"itemListElement\":[{\"@type\":\"ListItem\",\"position\":1,\"name\":\"Portada\",\"item\":\"https:\\\/\\\/inerpro.es\\\/ca\\\/\"},{\"@type\":\"ListItem\",\"position\":2,\"name\":\"Pla MOVES III 2025 a Catalunya\"}]},{\"@type\":\"WebSite\",\"@id\":\"https:\\\/\\\/inerpro.es\\\/ca\\\/#website\",\"url\":\"https:\\\/\\\/inerpro.es\\\/ca\\\/\",\"name\":\"Inerpro\",\"description\":\"\",\"potentialAction\":[{\"@type\":\"SearchAction\",\"target\":{\"@type\":\"EntryPoint\",\"urlTemplate\":\"https:\\\/\\\/inerpro.es\\\/ca\\\/?s={search_term_string}\"},\"query-input\":{\"@type\":\"PropertyValueSpecification\",\"valueRequired\":true,\"valueName\":\"search_term_string\"}}],\"inLanguage\":\"ca\"},{\"@type\":\"Person\",\"@id\":\"https:\\\/\\\/inerpro.es\\\/ca\\\/#\\\/schema\\\/person\\\/643b75fb77c90173f1e639551113698c\",\"name\":\"welovewebs\",\"image\":{\"@type\":\"ImageObject\",\"inLanguage\":\"ca\",\"@id\":\"https:\\\/\\\/secure.gravatar.com\\\/avatar\\\/2824609907178cb93def379f9729e9cf09c68f5e38677ed787b0949b9d88b67f?s=96&d=mm&r=g\",\"url\":\"https:\\\/\\\/secure.gravatar.com\\\/avatar\\\/2824609907178cb93def379f9729e9cf09c68f5e38677ed787b0949b9d88b67f?s=96&d=mm&r=g\",\"contentUrl\":\"https:\\\/\\\/secure.gravatar.com\\\/avatar\\\/2824609907178cb93def379f9729e9cf09c68f5e38677ed787b0949b9d88b67f?s=96&d=mm&r=g\",\"caption\":\"welovewebs\"},\"sameAs\":[\"https:\\\/\\\/inerpro.es\\\/\"],\"url\":\"https:\\\/\\\/inerpro.es\\\/ca\\\/blog\\\/author\\\/welovewebs\\\/\"}]}<\/script>\n<!-- \/ Yoast SEO plugin. -->","yoast_head_json":{"title":"Pla MOVES III 2025 a Catalunya | Inerpro","description":"Coneix les ajudes del Pla MOVES III 2025 a Catalunya: vehicles el\u00e8ctrics, efici\u00e8ncia energ\u00e8tica i descarbonitzaci\u00f3 empresarial.","robots":{"index":"index","follow":"follow","max-snippet":"max-snippet:-1","max-image-preview":"max-image-preview:large","max-video-preview":"max-video-preview:-1"},"canonical":"https:\/\/inerpro.es\/ca\/blog\/pla-moves-iii-2025-a-catalunya\/","og_locale":"ca_ES","og_type":"article","og_title":"Pla MOVES III 2025 a Catalunya | Inerpro","og_description":"Coneix les ajudes del Pla MOVES III 2025 a Catalunya: vehicles el\u00e8ctrics, efici\u00e8ncia energ\u00e8tica i descarbonitzaci\u00f3 empresarial.","og_url":"https:\/\/inerpro.es\/ca\/blog\/pla-moves-iii-2025-a-catalunya\/","og_site_name":"Inerpro","article_published_time":"2025-07-22T10:50:38+00:00","article_modified_time":"2025-09-19T09:16:25+00:00","og_image":[{"width":300,"height":225,"url":"https:\/\/inerpro.es\/wp-content\/uploads\/inerpro-post-plan-moves-iii-2025-catalunya-1.webp","type":"image\/webp"}],"author":"welovewebs","twitter_card":"summary_large_image","twitter_misc":{"Escrit per":"welovewebs","Temps estimat de lectura":"2 minuts"},"schema":{"@context":"https:\/\/schema.org","@graph":[{"@type":"Article","@id":"https:\/\/inerpro.es\/ca\/blog\/pla-moves-iii-2025-a-catalunya\/#article","isPartOf":{"@id":"https:\/\/inerpro.es\/ca\/blog\/pla-moves-iii-2025-a-catalunya\/"},"author":{"name":"welovewebs","@id":"https:\/\/inerpro.es\/ca\/#\/schema\/person\/643b75fb77c90173f1e639551113698c"},"headline":"Pla MOVES III 2025 a Catalunya","datePublished":"2025-07-22T10:50:38+00:00","dateModified":"2025-09-19T09:16:25+00:00","mainEntityOfPage":{"@id":"https:\/\/inerpro.es\/ca\/blog\/pla-moves-iii-2025-a-catalunya\/"},"wordCount":409,"image":{"@id":"https:\/\/inerpro.es\/ca\/blog\/pla-moves-iii-2025-a-catalunya\/#primaryimage"},"thumbnailUrl":"https:\/\/inerpro.es\/wp-content\/uploads\/inerpro-post-plan-moves-iii-2025-catalunya-1.webp","articleSection":["Sin categor\u00eda"],"inLanguage":"ca"},{"@type":"WebPage","@id":"https:\/\/inerpro.es\/ca\/blog\/pla-moves-iii-2025-a-catalunya\/","url":"https:\/\/inerpro.es\/ca\/blog\/pla-moves-iii-2025-a-catalunya\/","name":"Pla MOVES III 2025 a Catalunya | Inerpro","isPartOf":{"@id":"https:\/\/inerpro.es\/ca\/#website"},"primaryImageOfPage":{"@id":"https:\/\/inerpro.es\/ca\/blog\/pla-moves-iii-2025-a-catalunya\/#primaryimage"},"image":{"@id":"https:\/\/inerpro.es\/ca\/blog\/pla-moves-iii-2025-a-catalunya\/#primaryimage"},"thumbnailUrl":"https:\/\/inerpro.es\/wp-content\/uploads\/inerpro-post-plan-moves-iii-2025-catalunya-1.webp","datePublished":"2025-07-22T10:50:38+00:00","dateModified":"2025-09-19T09:16:25+00:00","author":{"@id":"https:\/\/inerpro.es\/ca\/#\/schema\/person\/643b75fb77c90173f1e639551113698c"},"description":"Coneix les ajudes del Pla MOVES III 2025 a Catalunya: vehicles el\u00e8ctrics, efici\u00e8ncia energ\u00e8tica i descarbonitzaci\u00f3 empresarial.","breadcrumb":{"@id":"https:\/\/inerpro.es\/ca\/blog\/pla-moves-iii-2025-a-catalunya\/#breadcrumb"},"inLanguage":"ca","potentialAction":[{"@type":"ReadAction","target":["https:\/\/inerpro.es\/ca\/blog\/pla-moves-iii-2025-a-catalunya\/"]}]},{"@type":"ImageObject","inLanguage":"ca","@id":"https:\/\/inerpro.es\/ca\/blog\/pla-moves-iii-2025-a-catalunya\/#primaryimage","url":"https:\/\/inerpro.es\/wp-content\/uploads\/inerpro-post-plan-moves-iii-2025-catalunya-1.webp","contentUrl":"https:\/\/inerpro.es\/wp-content\/uploads\/inerpro-post-plan-moves-iii-2025-catalunya-1.webp","width":300,"height":225,"caption":"Coche el\u00e9ctrico azul conectado a un cargador en un entorno urbano, representando la transici\u00f3n hacia una movilidad m\u00e1s sostenible."},{"@type":"BreadcrumbList","@id":"https:\/\/inerpro.es\/ca\/blog\/pla-moves-iii-2025-a-catalunya\/#breadcrumb","itemListElement":[{"@type":"ListItem","position":1,"name":"Portada","item":"https:\/\/inerpro.es\/ca\/"},{"@type":"ListItem","position":2,"name":"Pla MOVES III 2025 a Catalunya"}]},{"@type":"WebSite","@id":"https:\/\/inerpro.es\/ca\/#website","url":"https:\/\/inerpro.es\/ca\/","name":"Inerpro","description":"","potentialAction":[{"@type":"SearchAction","target":{"@type":"EntryPoint","urlTemplate":"https:\/\/inerpro.es\/ca\/?s={search_term_string}"},"query-input":{"@type":"PropertyValueSpecification","valueRequired":true,"valueName":"search_term_string"}}],"inLanguage":"ca"},{"@type":"Person","@id":"https:\/\/inerpro.es\/ca\/#\/schema\/person\/643b75fb77c90173f1e639551113698c","name":"welovewebs","image":{"@type":"ImageObject","inLanguage":"ca","@id":"https:\/\/secure.gravatar.com\/avatar\/2824609907178cb93def379f9729e9cf09c68f5e38677ed787b0949b9d88b67f?s=96&d=mm&r=g","url":"https:\/\/secure.gravatar.com\/avatar\/2824609907178cb93def379f9729e9cf09c68f5e38677ed787b0949b9d88b67f?s=96&d=mm&r=g","contentUrl":"https:\/\/secure.gravatar.com\/avatar\/2824609907178cb93def379f9729e9cf09c68f5e38677ed787b0949b9d88b67f?s=96&d=mm&r=g","caption":"welovewebs"},"sameAs":["https:\/\/inerpro.es\/"],"url":"https:\/\/inerpro.es\/ca\/blog\/author\/welovewebs\/"}]}},"_links":{"self":[{"href":"https:\/\/inerpro.es\/ca\/wp-json\/wp\/v2\/posts\/1009","targetHints":{"allow":["GET"]}}],"collection":[{"href":"https:\/\/inerpro.es\/ca\/wp-json\/wp\/v2\/posts"}],"about":[{"href":"https:\/\/inerpro.es\/ca\/wp-json\/wp\/v2\/types\/post"}],"author":[{"embeddable":true,"href":"https:\/\/inerpro.es\/ca\/wp-json\/wp\/v2\/users\/1"}],"replies":[{"embeddable":true,"href":"https:\/\/inerpro.es\/ca\/wp-json\/wp\/v2\/comments?post=1009"}],"version-history":[{"count":1,"href":"https:\/\/inerpro.es\/ca\/wp-json\/wp\/v2\/posts\/1009\/revisions"}],"predecessor-version":[{"id":1010,"href":"https:\/\/inerpro.es\/ca\/wp-json\/wp\/v2\/posts\/1009\/revisions\/1010"}],"wp:featuredmedia":[{"embeddable":true,"href":"https:\/\/inerpro.es\/ca\/wp-json\/wp\/v2\/media\/731"}],"wp:attachment":[{"href":"https:\/\/inerpro.es\/ca\/wp-json\/wp\/v2\/media?parent=1009"}],"wp:term":[{"taxonomy":"category","embeddable":true,"href":"https:\/\/inerpro.es\/ca\/wp-json\/wp\/v2\/categories?post=1009"},{"taxonomy":"post_tag","embeddable":true,"href":"https:\/\/inerpro.es\/ca\/wp-json\/wp\/v2\/tags?post=1009"}],"curies":[{"name":"wp","href":"https:\/\/api.w.org\/{rel}","templated":true}]}}